{"@context":"https:\/\/schema.org\/","@type":"CollectionPage","@id":"https:\/\/www.celcz.cz\/auto-moto\/#CollectionPage","headline":"Auto moto Category","description":"","url":"https:\/\/www.celcz.cz\/auto-moto\/","hasPart":[{"@type":"Article","@id":"https:\/\/www.celcz.cz\/jsou-kocici-hlavy-vhodne-pro-jizdu-autem\/","headline":"Jsou ko\u010di\u010d\u00ed hlavy vhodn\u00e9 pro j\u00edzdu autem?","url":"https:\/\/www.celcz.cz\/jsou-kocici-hlavy-vhodne-pro-jizdu-autem\/","datePublished":"2024-08-23","dateModified":"2024-08-23","mainEntityOfPage":"https:\/\/www.celcz.cz\/jsou-kocici-hlavy-vhodne-pro-jizdu-autem\/","author":{"@type":"Person","@id":"https:\/\/www.celcz.cz\/author\/#Person","name":"","url":"https:\/\/www.celcz.cz\/author\/","identifier":1,"image":{"@type":"ImageObject","@id":"https:\/\/secure.gravatar.com\/avatar\/7ca2d940d0ae3b24fc759c0201b34a0f70fe6611e5abefd5978e89211a09cdfd?s=96&d=mm&r=g","url":"https:\/\/secure.gravatar.com\/avatar\/7ca2d940d0ae3b24fc759c0201b34a0f70fe6611e5abefd5978e89211a09cdfd?s=96&d=mm&r=g","height":96,"width":96}},"publisher":{"@type":"Organization","name":"celcz.cz","logo":{"@type":"ImageObject","@id":"\/logo.png","url":"\/logo.png","width":600,"height":60}},"image":{"@type":"ImageObject","@id":"https:\/\/www.celcz.cz\/wp-content\/uploads\/auto42_1.jpg","url":"https:\/\/www.celcz.cz\/wp-content\/uploads\/auto42_1.jpg","height":0,"width":0},"keywords":null},{"@type":"Article","@id":"https:\/\/www.celcz.cz\/rozbite-auto\/","headline":"Rozbit\u00e9 auto","url":"https:\/\/www.celcz.cz\/rozbite-auto\/","datePublished":"2024-01-12","dateModified":"2024-01-12","mainEntityOfPage":"https:\/\/www.celcz.cz\/rozbite-auto\/","author":{"@type":"Person","@id":"https:\/\/www.celcz.cz\/author\/#Person","name":"","url":"https:\/\/www.celcz.cz\/author\/","identifier":1,"image":{"@type":"ImageObject","@id":"https:\/\/secure.gravatar.com\/avatar\/7ca2d940d0ae3b24fc759c0201b34a0f70fe6611e5abefd5978e89211a09cdfd?s=96&d=mm&r=g","url":"https:\/\/secure.gravatar.com\/avatar\/7ca2d940d0ae3b24fc759c0201b34a0f70fe6611e5abefd5978e89211a09cdfd?s=96&d=mm&r=g","height":96,"width":96}},"publisher":{"@type":"Organization","name":"celcz.cz","logo":{"@type":"ImageObject","@id":"\/logo.png","url":"\/logo.png","width":600,"height":60}},"image":{"@type":"ImageObject","@id":"https:\/\/www.celcz.cz\/wp-content\/uploads\/mercedes-1327610_1280_3.jpg","url":"https:\/\/www.celcz.cz\/wp-content\/uploads\/mercedes-1327610_1280_3.jpg","height":0,"width":0},"keywords":null},{"@type":"Article","@id":"https:\/\/www.celcz.cz\/proc-se-stale-pouziva-tribodovy-bezpecnosti-pas\/","headline":"Pro\u010d se st\u00e1le pou\u017e\u00edv\u00e1 t\u0159\u00edbodov\u00fd bezpe\u010dnost\u00ed p\u00e1s","url":"https:\/\/www.celcz.cz\/proc-se-stale-pouziva-tribodovy-bezpecnosti-pas\/","datePublished":"2023-10-28","dateModified":"2024-06-04","mainEntityOfPage":"https:\/\/www.celcz.cz\/proc-se-stale-pouziva-tribodovy-bezpecnosti-pas\/","author":{"@type":"Person","@id":"https:\/\/www.celcz.cz\/author\/#Person","name":"","url":"https:\/\/www.celcz.cz\/author\/","identifier":1,"image":{"@type":"ImageObject","@id":"https:\/\/secure.gravatar.com\/avatar\/7ca2d940d0ae3b24fc759c0201b34a0f70fe6611e5abefd5978e89211a09cdfd?s=96&d=mm&r=g","url":"https:\/\/secure.gravatar.com\/avatar\/7ca2d940d0ae3b24fc759c0201b34a0f70fe6611e5abefd5978e89211a09cdfd?s=96&d=mm&r=g","height":96,"width":96}},"publisher":{"@type":"Organization","name":"celcz.cz","logo":{"@type":"ImageObject","@id":"\/logo.png","url":"\/logo.png","width":600,"height":60}},"image":{"@type":"ImageObject","@id":"https:\/\/www.celcz.cz\/wp-content\/uploads\/auto5_10_6.jpg","url":"https:\/\/www.celcz.cz\/wp-content\/uploads\/auto5_10_6.jpg","height":0,"width":0},"keywords":null},{"@type":"Article","@id":"https:\/\/www.celcz.cz\/hadka-kvuli-kamionu\/","headline":"H\u00e1dka kv\u016fli kamionu","url":"https:\/\/www.celcz.cz\/hadka-kvuli-kamionu\/","datePublished":"2023-09-03","dateModified":"2024-06-04","mainEntityOfPage":"https:\/\/www.celcz.cz\/hadka-kvuli-kamionu\/","author":{"@type":"Person","@id":"https:\/\/www.celcz.cz\/author\/#Person","name":"","url":"https:\/\/www.celcz.cz\/author\/","identifier":1,"image":{"@type":"ImageObject","@id":"https:\/\/secure.gravatar.com\/avatar\/7ca2d940d0ae3b24fc759c0201b34a0f70fe6611e5abefd5978e89211a09cdfd?s=96&d=mm&r=g","url":"https:\/\/secure.gravatar.com\/avatar\/7ca2d940d0ae3b24fc759c0201b34a0f70fe6611e5abefd5978e89211a09cdfd?s=96&d=mm&r=g","height":96,"width":96}},"publisher":{"@type":"Organization","name":"celcz.cz","logo":{"@type":"ImageObject","@id":"\/logo.png","url":"\/logo.png","width":600,"height":60}},"image":{"@type":"ImageObject","@id":"https:\/\/www.celcz.cz\/wp-content\/uploads\/rescuer-1754324_1280_2.jpg","url":"https:\/\/www.celcz.cz\/wp-content\/uploads\/rescuer-1754324_1280_2.jpg","height":0,"width":0},"keywords":null},{"@type":"Article","@id":"https:\/\/www.celcz.cz\/jak-poznat-kdy-je-dobre-auto-jiz-vyradit\/","headline":"Jak poznat, kdy je dobr\u00e9 auto ji\u017e vy\u0159adit","url":"https:\/\/www.celcz.cz\/jak-poznat-kdy-je-dobre-auto-jiz-vyradit\/","datePublished":"2023-07-25","dateModified":"2024-06-26","mainEntityOfPage":"https:\/\/www.celcz.cz\/jak-poznat-kdy-je-dobre-auto-jiz-vyradit\/","author":{"@type":"Person","@id":"https:\/\/www.celcz.cz\/author\/#Person","name":"","url":"https:\/\/www.celcz.cz\/author\/","identifier":1,"image":{"@type":"ImageObject","@id":"https:\/\/secure.gravatar.com\/avatar\/7ca2d940d0ae3b24fc759c0201b34a0f70fe6611e5abefd5978e89211a09cdfd?s=96&d=mm&r=g","url":"https:\/\/secure.gravatar.com\/avatar\/7ca2d940d0ae3b24fc759c0201b34a0f70fe6611e5abefd5978e89211a09cdfd?s=96&d=mm&r=g","height":96,"width":96}},"publisher":{"@type":"Organization","name":"celcz.cz","logo":{"@type":"ImageObject","@id":"\/logo.png","url":"\/logo.png","width":600,"height":60}},"image":{"@type":"ImageObject","@id":"https:\/\/www.celcz.cz\/wp-content\/uploads\/auto26_10_9.jpg","url":"https:\/\/www.celcz.cz\/wp-content\/uploads\/auto26_10_9.jpg","height":0,"width":0},"keywords":null},{"@type":"Article","@id":"https:\/\/www.celcz.cz\/bez-auta-ani-ranu\/","headline":"Bez auta ani r\u00e1nu","url":"https:\/\/www.celcz.cz\/bez-auta-ani-ranu\/","datePublished":"2022-04-08","dateModified":"2022-04-08","mainEntityOfPage":"https:\/\/www.celcz.cz\/bez-auta-ani-ranu\/","author":{"@type":"Person","@id":"https:\/\/www.celcz.cz\/author\/#Person","name":"","url":"https:\/\/www.celcz.cz\/author\/","identifier":1,"image":{"@type":"ImageObject","@id":"https:\/\/secure.gravatar.com\/avatar\/7ca2d940d0ae3b24fc759c0201b34a0f70fe6611e5abefd5978e89211a09cdfd?s=96&d=mm&r=g","url":"https:\/\/secure.gravatar.com\/avatar\/7ca2d940d0ae3b24fc759c0201b34a0f70fe6611e5abefd5978e89211a09cdfd?s=96&d=mm&r=g","height":96,"width":96}},"publisher":{"@type":"Organization","name":"celcz.cz","logo":{"@type":"ImageObject","@id":"\/logo.png","url":"\/logo.png","width":600,"height":60}},"image":{"@type":"ImageObject","@id":"https:\/\/www.celcz.cz\/wp-content\/uploads\/car-1851299_960_720.jpg","url":"https:\/\/www.celcz.cz\/wp-content\/uploads\/car-1851299_960_720.jpg","height":0,"width":0},"keywords":null}]}