[{"@context":"https:\/\/schema.org\/","@type":"Article","@id":"https:\/\/www.celcz.cz\/co-vsechno-ma-na-ekonomiku-vliv\/#Article","mainEntityOfPage":"https:\/\/www.celcz.cz\/co-vsechno-ma-na-ekonomiku-vliv\/","headline":"Co v\u0161echno m\u00e1 na ekonomiku vliv","name":"Co v\u0161echno m\u00e1 na ekonomiku vliv","description":"Co je ekonomika asi ka\u017ed\u00fd v\u00ed, ale m\u00e1lokdo u\u017e v\u00ed, co v\u0161echno na ni m\u00e1 vliv. Za\u010dneme t\u00edm nejv\u011bt\u0161\u00edm &#8211; tedy st\u00e1tem. St\u00e1tn\u00ed ekonomika roste a kles\u00e1 podle v\u00fdsledk\u016f hospoda\u0159en\u00ed se st\u00e1tn\u00edm majetkem, a do jej\u00edho stavu se prom\u00edt\u00e1 samoz\u0159ejm\u011b i v\u00fdb\u011br dan\u00ed od podnikaj\u00edc\u00edch subjekt\u016f a od jednotliv\u00fdch pl\u00e1tc\u016f. Pr\u00e1v\u011b v\u00fd\u0161e dan\u00ed a dal\u0161\u00edch poplatk\u016f je \u010dasto kontraproduktivn\u00ed. Mnoho [&hellip;]","datePublished":"2023-11-08","dateModified":"2023-11-08","author":{"@type":"Person","@id":"https:\/\/www.celcz.cz\/author\/#Person","name":"","url":"https:\/\/www.celcz.cz\/author\/","identifier":1,"image":{"@type":"ImageObject","@id":"https:\/\/secure.gravatar.com\/avatar\/7ca2d940d0ae3b24fc759c0201b34a0f70fe6611e5abefd5978e89211a09cdfd?s=96&d=mm&r=g","url":"https:\/\/secure.gravatar.com\/avatar\/7ca2d940d0ae3b24fc759c0201b34a0f70fe6611e5abefd5978e89211a09cdfd?s=96&d=mm&r=g","height":96,"width":96}},"publisher":{"@type":"Organization","name":"celcz.cz","logo":{"@type":"ImageObject","@id":"\/logo.png","url":"\/logo.png","width":600,"height":60}},"image":{"@type":"ImageObject","@id":"https:\/\/www.celcz.cz\/wp-content\/uploads\/money-gd329a8e25_640_10_10_10_10_10_10_10_5.jpg","url":"https:\/\/www.celcz.cz\/wp-content\/uploads\/money-gd329a8e25_640_10_10_10_10_10_10_10_5.jpg","height":0,"width":0},"url":"https:\/\/www.celcz.cz\/co-vsechno-ma-na-ekonomiku-vliv\/","about":["Ekonomika"],"wordCount":386,"articleBody":"Co je ekonomika asi ka\u017ed\u00fd v\u00ed, ale m\u00e1lokdo u\u017e v\u00ed, co v\u0161echno na ni m\u00e1 vliv. Za\u010dneme t\u00edm nejv\u011bt\u0161\u00edm &#8211; tedy st\u00e1tem. St\u00e1tn\u00ed ekonomika roste a kles\u00e1 podle v\u00fdsledk\u016f hospoda\u0159en\u00ed se st\u00e1tn\u00edm majetkem, a do jej\u00edho stavu se prom\u00edt\u00e1 samoz\u0159ejm\u011b i v\u00fdb\u011br dan\u00ed od podnikaj\u00edc\u00edch subjekt\u016f a od jednotliv\u00fdch pl\u00e1tc\u016f. Pr\u00e1v\u011b v\u00fd\u0161e dan\u00ed a dal\u0161\u00edch poplatk\u016f je \u010dasto kontraproduktivn\u00ed. Mnoho politik\u016f si naivn\u011b mysl\u00ed, \u017ee \u010d\u00edm vy\u0161\u0161\u00ed dan\u011b budou muset lid\u00e9 platit, t\u00edm se jich vybere v\u00edce. Opak je ale pravdou. Podle Lafferovy k\u0159ivky, kter\u00e1 je pojmenovan\u00e1 po stejnojmenn\u00e9m ekonomovi, naopak v\u00fd\u0161e vybran\u00fdch dan\u00ed kles\u00e1 v moment\u011b, kdy jsou dan\u011b na nejvy\u0161\u0161\u00ed \u00farovni. Zjednodu\u0161en\u011b \u0159e\u0161eno, nejvy\u0161\u0161\u00ed zdan\u011bn\u00ed prob\u00edh\u00e1 kdy\u017e jsou dan\u011b tak akor\u00e1t vysok\u00e9. Bohu\u017eel politici jdou sp\u00ed\u0161e opa\u010dn\u00fdm sm\u011brem, a tak m\u016f\u017eeme sledovat, jak nejen \u010de\u0161t\u00ed politici s oblibou bojuj\u00ed za st\u00e1le vy\u0161\u0161\u00ed dan\u011b.Ekonomika je v\u00fdkonn\u00e1 zejm\u00e9na podle hospod\u00e1\u0159sk\u00fdch v\u00fdsledk\u016f. Kdy\u017e m\u00e1 st\u00e1t m\u00e1lo st\u00e1tn\u00edch podnik\u016f a v\u011bt\u0161ina je orientov\u00e1na v soukrom\u00e9m vlastnictv\u00ed, st\u00e1t vlastn\u011b nevytv\u00e1\u0159\u00ed tak vysok\u00fd v\u00fdd\u011blek jako soukrom\u00e9 subjekty. St\u00e1t tedy nen\u00ed p\u0159\u00edli\u0161 v\u00fdznamn\u00fdm pl\u00e1tcem dan\u00ed ani negeneruje mnoho zisku. Proto jsou st\u00e1ty z\u00e1visl\u00e9 na soukrom\u00fdch subjektech, kter\u00e9 vytv\u00e1\u0159\u00ed pracovn\u00ed m\u00edsta, zam\u011bstnanc\u016fm odv\u00e1d\u00ed dan\u011b, soci\u00e1ln\u00ed a zdravotn\u00ed poji\u0161t\u011bn\u00ed, a i to st\u00e1t ve velk\u00e9 m\u00ed\u0159e vyu\u017e\u00edv\u00e1 a pot\u0159ebuje ke sv\u00e9mu bezprobl\u00e9mov\u00e9mu fungov\u00e1n\u00ed.Probl\u00e9mem na\u0161\u00ed ekonomiky je p\u0159edev\u0161\u00edm p\u0159\u00edli\u0161 vysok\u00e9 zdan\u011bn\u00ed pr\u00e1ce, vysok\u00e9 odvody a tak\u00e9 dan\u011bn\u00ed mnoha firem v zahrani\u010d\u00ed. Lid\u00e9 za\u010d\u00ednaj\u00ed \u0161et\u0159it a nekupuj\u00ed zbyte\u010dn\u00e9 v\u011bci, co\u017e se samoz\u0159ejm\u011b odr\u00e1\u017e\u00ed na zisc\u00edch podnikatel\u016f, kte\u0159\u00ed na z\u00e1klad\u011b zisk\u016f odv\u00e1d\u00ed dan\u011b. Ekonomika se tak to\u010d\u00ed v kruhu, a zat\u00edm to nevypad\u00e1, \u017ee by se jej\u00ed kondice m\u011bla vr\u00e1tit na hladinu p\u0159ed covidem. Pr\u00e1v\u011b ten zasadil na\u0161\u00ed ekonomice obrovsk\u00e9 r\u00e1ny, ze kter\u00fdch se mnoh\u00e9 firmy nevzpamatovaly dodnes.                                                                                                                                                                                                                                                                                                                                                                                        3.8\/5 - (10 votes)        "},{"@context":"https:\/\/schema.org\/","@type":"BreadcrumbList","itemListElement":[{"@type":"ListItem","position":1,"name":"Co v\u0161echno m\u00e1 na ekonomiku vliv","item":"https:\/\/www.celcz.cz\/co-vsechno-ma-na-ekonomiku-vliv\/#breadcrumbitem"}]}]