[{"@context":"https:\/\/schema.org\/","@type":"Article","@id":"https:\/\/www.celcz.cz\/hadka-kvuli-kamionu\/#Article","mainEntityOfPage":"https:\/\/www.celcz.cz\/hadka-kvuli-kamionu\/","headline":"H\u00e1dka kv\u016fli kamionu","name":"H\u00e1dka kv\u016fli kamionu","description":"M\u00edt auto anebo nem\u00edt auto? To\u0165 ot\u00e1zka. Pro n\u011bkoho je to velice slo\u017eit\u00e1 ot\u00e1zka, ale pro n\u011bkoho je to zase \u00fapln\u011b jednozna\u010dn\u00e9. T\u0159eba pro m\u00e9ho bratra to bylo \u00fapln\u011b jednozna\u010dn\u00e9, \u017ee m\u016fj bratr bude m\u00edt jednoho\u00a0dne automobil, i kdy\u017e byl o \u0161est\u00a0let mlad\u0161\u00ed ne\u017e j\u00e1, tak ve t\u0159in\u00e1cti letech \u0159\u00edkal, \u017ee u\u017e se t\u011b\u0161\u00ed, a\u017e bude moct m\u00edt auto, proto\u017ee [&hellip;]","datePublished":"2023-09-03","dateModified":"2024-06-04","author":{"@type":"Person","@id":"https:\/\/www.celcz.cz\/author\/#Person","name":"","url":"https:\/\/www.celcz.cz\/author\/","identifier":1,"image":{"@type":"ImageObject","@id":"https:\/\/secure.gravatar.com\/avatar\/7ca2d940d0ae3b24fc759c0201b34a0f70fe6611e5abefd5978e89211a09cdfd?s=96&d=mm&r=g","url":"https:\/\/secure.gravatar.com\/avatar\/7ca2d940d0ae3b24fc759c0201b34a0f70fe6611e5abefd5978e89211a09cdfd?s=96&d=mm&r=g","height":96,"width":96}},"publisher":{"@type":"Organization","name":"celcz.cz","logo":{"@type":"ImageObject","@id":"\/logo.png","url":"\/logo.png","width":600,"height":60}},"image":{"@type":"ImageObject","@id":"https:\/\/www.celcz.cz\/wp-content\/uploads\/rescuer-1754324_1280_2.jpg","url":"https:\/\/www.celcz.cz\/wp-content\/uploads\/rescuer-1754324_1280_2.jpg","height":0,"width":0},"url":"https:\/\/www.celcz.cz\/hadka-kvuli-kamionu\/","about":["Auto moto"],"wordCount":451,"articleBody":"M\u00edt auto anebo nem\u00edt auto? To\u0165 ot\u00e1zka. Pro n\u011bkoho je to velice slo\u017eit\u00e1 ot\u00e1zka, ale pro n\u011bkoho je to zase \u00fapln\u011b jednozna\u010dn\u00e9. T\u0159eba pro m\u00e9ho bratra to bylo \u00fapln\u011b jednozna\u010dn\u00e9, \u017ee m\u016fj bratr bude m\u00edt jednoho\u00a0dne automobil, i kdy\u017e byl o \u0161est\u00a0let mlad\u0161\u00ed ne\u017e j\u00e1, tak ve t\u0159in\u00e1cti letech \u0159\u00edkal, \u017ee u\u017e se t\u011b\u0161\u00ed, a\u017e bude moct m\u00edt auto, proto\u017ee bratr se hlavn\u011b t\u011b\u0161il na to, \u017ee bude rozv\u00e1\u017eet bal\u00edky. Anebo tak\u00e9 po\u0161tu anebo t\u0159eba bude jezdit n\u011bkam, kam se rozv\u00e1\u017e\u00ed v\u011bci do trafiky. Tohle d\u011blal r\u00e1d, proto\u017ee to d\u011blal otec jeho nejlep\u0161\u00edho kamar\u00e1da. Ob\u010das pr\u00fd tak\u00e9 oba dva\u00a0jezdili v dod\u00e1vce s n\u00edm. Mysl\u00edm si, \u017ee tohle je zase dobr\u00e9, \u017ee se takhle d\u00edt\u011b v mlad\u00e9m v\u011bku p\u0159ipravuje na povol\u00e1n\u00ed anebo pozn\u00e1v\u00e1 r\u016fzn\u00e9 povol\u00e1n\u00ed, kter\u00e9 by potom v budoucnu mohl vykon\u00e1vat. Je potom logick\u00e9, \u017ee k n\u011bkter\u00e9mu zam\u011bstn\u00e1n\u00ed bude pot\u0159eba auto, kdy\u017e bude t\u0159eba n\u011bco rozv\u00e1\u017eet anebo p\u0159iv\u00e1\u017eet\u00a0\u010di vyv\u00e1\u017eet n\u011bkam do zahrani\u010d\u00ed. To m\u016fj star\u0161\u00ed bratr, tak ten v\u017edycky cht\u011bl jezdit kamionem, jenom\u017ee tohle se zase nel\u00edbilo jeho dlouholet\u00e9 p\u0159\u00edtelkyni. M\u011bl jeden\u00e1ct\u00a0let opravdu v\u00e1\u017en\u00fd vztah a tak\u00e9 pl\u00e1novali svatbu a st\u00e1le se do nekone\u010dna h\u00e1dali. Tak se nakonec roze\u0161li.Opravdu hodn\u011b m\u011b to mrzelo, proto\u017ee jsem si nedok\u00e1zala p\u0159edstavit, \u017ee m\u016fj\u00a0bratr u\u017e nebude se svou partnerkou, se kterou u\u017e jsme tvo\u0159ily\u00a0opravdu t\u00e9m\u011b\u0159 nerozlu\u010dnou dvojici a byly\u00a0jsme skoro jako nejlep\u0161\u00ed kamar\u00e1dky. Myslela jsem si, \u017ee takhle to z\u016fstane i potom, co se roze\u0161la s bratrem. Oni pl\u00e1novali p\u0159edt\u00edm i rodinu!\u00a0Jenom\u017ee kdy\u017e m\u016fj star\u0161\u00ed bratr cht\u011bl st\u00e1le jenom jezdit kamionem a jeho partnerce se to nel\u00edbilo, tak tak\u00e9 potom do\u0161lo samoz\u0159ejm\u011b na zm\u00edn\u011bn\u00e9 h\u00e1dky. Nakonec to vy\u00fastilo tak, \u017ee kdy\u017e se p\u016fl roku nedohodli, byl konec. \u0158eknu v\u00e1m, \u017ee pak je n\u011bkdy opravdu hodn\u011b obt\u00ed\u017en\u00e9 hledat sp\u0159\u00edzn\u011bnou du\u0161i. Jenom\u017ee kdy\u017e se poh\u00e1dali jenom kv\u016fli tomu, \u017ee bratr by jezdil do zahrani\u010d\u00ed, kdy\u00a0by byl t\u0159eba potom tak\u00e9 t\u00fdden pry\u010d, tak m\u011b\u00a0to hodn\u011b mrzelo, proto\u017ee podle m\u00e9ho n\u00e1zoru tohle byla opravdu zbyte\u010dn\u00e1 h\u00e1dka kv\u016fli automobilu a tak\u00e9 \u00fapln\u011b zbyte\u010dn\u00fd rozchod.\u00a0                                                                                                                                                                                                                                                                                                                                                                                        4.4\/5 - (7 votes)        "},{"@context":"https:\/\/schema.org\/","@type":"BreadcrumbList","itemListElement":[{"@type":"ListItem","position":1,"name":"H\u00e1dka kv\u016fli kamionu","item":"https:\/\/www.celcz.cz\/hadka-kvuli-kamionu\/#breadcrumbitem"}]}]