[{"@context":"https:\/\/schema.org\/","@type":"Article","@id":"https:\/\/www.celcz.cz\/nemotorny-syn\/#Article","mainEntityOfPage":"https:\/\/www.celcz.cz\/nemotorny-syn\/","headline":"Nemotorn\u00fd syn","name":"Nemotorn\u00fd syn","description":"Jsou lid\u00e9, kte\u0159\u00ed maj\u00ed opravdu nad\u00e1n\u00ed na sport anebo na n\u011bjak\u00fd jin\u00fd pohyb. A\u00a0jsou zase lid\u00e9, kte\u0159\u00ed v\u016fbec nemaj\u00ed \u017e\u00e1dn\u00e9 nad\u00e1n\u00ed na sport. Jednozna\u010dn\u011b jsou takov\u00ed nemotorn\u00ed a tohle zmi\u0148uji hlavn\u011b kv\u016fli tomu, proto\u017ee m\u00e1m syna, kter\u00e9mu je osm\u00a0let a je velice nemotorn\u00fd. Syn je takov\u00fd nemotorn\u00fd a velice ho to mrz\u00ed.\u00a0Ani neum\u00ed plavat. A i\u00a0kdy\u017e chodil\u00a0je\u0161t\u011b je do kurzu [&hellip;]","datePublished":"2024-01-08","dateModified":"2024-01-08","author":{"@type":"Person","@id":"https:\/\/www.celcz.cz\/author\/#Person","name":"","url":"https:\/\/www.celcz.cz\/author\/","identifier":1,"image":{"@type":"ImageObject","@id":"https:\/\/secure.gravatar.com\/avatar\/7ca2d940d0ae3b24fc759c0201b34a0f70fe6611e5abefd5978e89211a09cdfd?s=96&d=mm&r=g","url":"https:\/\/secure.gravatar.com\/avatar\/7ca2d940d0ae3b24fc759c0201b34a0f70fe6611e5abefd5978e89211a09cdfd?s=96&d=mm&r=g","height":96,"width":96}},"publisher":{"@type":"Organization","name":"celcz.cz","logo":{"@type":"ImageObject","@id":"\/logo.png","url":"\/logo.png","width":600,"height":60}},"image":{"@type":"ImageObject","@id":"https:\/\/www.celcz.cz\/wp-content\/uploads\/shoes-2216498_960_720.jpg","url":"https:\/\/www.celcz.cz\/wp-content\/uploads\/shoes-2216498_960_720.jpg","height":0,"width":0},"url":"https:\/\/www.celcz.cz\/nemotorny-syn\/","about":["Sport"],"wordCount":457,"articleBody":"Jsou lid\u00e9, kte\u0159\u00ed maj\u00ed opravdu nad\u00e1n\u00ed na sport anebo na n\u011bjak\u00fd jin\u00fd pohyb. A\u00a0jsou zase lid\u00e9, kte\u0159\u00ed v\u016fbec nemaj\u00ed \u017e\u00e1dn\u00e9 nad\u00e1n\u00ed na sport. Jednozna\u010dn\u011b jsou takov\u00ed nemotorn\u00ed a tohle zmi\u0148uji hlavn\u011b kv\u016fli tomu, proto\u017ee m\u00e1m syna, kter\u00e9mu je osm\u00a0let a je velice nemotorn\u00fd. Syn je takov\u00fd nemotorn\u00fd a velice ho to mrz\u00ed.\u00a0Ani neum\u00ed plavat. A i\u00a0kdy\u017e chodil\u00a0je\u0161t\u011b je do kurzu plav\u00e1n\u00ed\u00a0kam\u00a0chodil, kdy\u017e byl p\u011btilet\u00fd a \u0161estilet\u00fd, tak se ani za tyto dva\u00a0roky nenau\u010dil plavat. Neuplave\u00a0ani metr. Docela m\u011b to mrz\u00ed, ze za\u010d\u00e1tku jsem z toho m\u011bla srandu anebo u\u017e jsem si \u0159\u00edkala, \u017ee na to je\u0161t\u011b nen\u00ed syn p\u0159ipraven\u00fd. Ale kdy\u017e jsem sly\u0161ela, \u017ee za roky, co je tedy plaveck\u00fd kurz a \u017ee v\u0161echny d\u011bti se b\u011bhem p\u016fl roku nau\u010dily\u00a0opravdu kr\u00e1sn\u011b plavat a m\u016fj syn ani za dva\u00a0roky ne, tak u\u017e jsem zpozorn\u011bla a bylo mi to opravdu hodn\u011b divn\u00e9. \u0160la jsem s n\u00edm i k\u00a0l\u00e9ka\u0159i a psychologovi. Verdikt byl v\u017edycky stejn\u00fd, jednodu\u0161e je nemotorn\u00fd. Sice\u00a0to nen\u00ed \u017e\u00e1dn\u00e1 l\u00e9ka\u0159sk\u00e1 diagn\u00f3za, ale jednozna\u010dn\u011b, kdy\u017e d\u011bti prost\u011b se boj\u00ed a jsou nemotorn\u00e9, tak s t\u00edm jednozna\u010dn\u011b v\u016fbec nic neud\u011bl\u00e1te. A m\u016fj syn se opravdu hodn\u011b boj\u00ed. Nyn\u00ed u\u017e mu bude dev\u011bt\u00a0let a st\u00e1le na kole m\u00e1 p\u0159\u00eddavn\u00e1 kole\u010dka. J\u00e1 v\u00edm, \u017ee bych syna to\u00a0m\u011bla u\u010dit, ale j\u00e1, kdy\u017e mu sund\u00e1m kole\u010dka, tak on u\u017e odm\u00edt\u00e1 pr\u00e1v\u011b na kolo\u00a0sednout. On u\u017e ani jako mal\u00fd chlape\u010dek necht\u011bl jezdit na odr\u00e1\u017eedle, proto\u017ee se i na odr\u00e1\u017eedle je m\u016fj mal\u00fd syn b\u00e1l. Tak jsem si \u0159ekla, \u017ee je to t\u0159eba jenom p\u0159echodn\u00e1 doba, ale kdy\u017e i v\u00a0dev\u00edti\u00a0letech je\u0161t\u011b ani neum\u00ed na kole a mus\u00ed\u00a0m\u00edt st\u00e1le p\u0159\u00eddavn\u00e1 kole\u010dka, tak m\u011b to docela mrz\u00ed. Tak\u00e9 m\u011b hlavn\u011b vad\u00ed, \u017ee se mu ostatn\u00ed d\u011bti sm\u011bj\u00ed, proto\u017ee kolikr\u00e1t u\u017e i p\u011btilet\u00e9 d\u011bti jezd\u00ed samy\u00a0na kole, kde nejsou v\u016fbec p\u0159\u00eddavn\u00e1 kole\u010dka. Ale co m\u00e1m d\u011blat, jak si m\u00e1m po\u010d\u00edt? Samoz\u0159ejm\u011b, \u017ee syna nechci do ni\u010deho nutit. Syn\u00a0ani neum\u00ed plavat, st\u00e1le chod\u00ed do baz\u00e9nu, kde je hloubka, ale m\u00e1 v\u017edycky na sob\u011b kruh, a je\u0161t\u011b plovac\u00ed vestu, syn se toti\u017e opravdu hodn\u011b boj\u00ed. A\u00a0kdy\u017e zjist\u00ed, \u017ee nedos\u00e1hne na zem, tak ho chytne takov\u00fd amok, \u017ee bre\u010d\u00ed.\u00a0                                                                                                                                                                                                                                                                                                                                                                                        3.4\/5 - (9 votes)        "},{"@context":"https:\/\/schema.org\/","@type":"BreadcrumbList","itemListElement":[{"@type":"ListItem","position":1,"name":"Nemotorn\u00fd syn","item":"https:\/\/www.celcz.cz\/nemotorny-syn\/#breadcrumbitem"}]}]