[{"@context":"https:\/\/schema.org\/","@type":"Article","@id":"https:\/\/www.celcz.cz\/plavte-se-je-to-bajecne-pro-telo-i-ducha\/#Article","mainEntityOfPage":"https:\/\/www.celcz.cz\/plavte-se-je-to-bajecne-pro-telo-i-ducha\/","headline":"Plavte se &#8211; je to b\u00e1je\u010dn\u00e9 pro t\u011blo i ducha","name":"Plavte se &#8211; je to b\u00e1je\u010dn\u00e9 pro t\u011blo i ducha","description":"Vodn\u00ed nad\u0161enci to maj\u00ed v \u010cesk\u00e9 republice zpravidla jednoduch\u00e9, nebo\u0165 je protk\u00e1na s\u00edt\u00ed nejr\u016fzn\u011bj\u0161\u00edch splavn\u00fdch vodn\u00edch tok\u016f, vyjma podivn\u00fdch rok\u016f, kdy p\u0159etrv\u00e1v\u00e1 sucho a vody je nedostatek, nebo kdy jsme zasyp\u00e1v\u00e1n\u00ed p\u0159\u00edvaly de\u0161t\u011b a vodn\u00ed toky se vyl\u00e9vaj\u00ed ze sv\u00fdch b\u0159eh\u016f. Nen\u00ed zde \u0159e\u010d o koup\u00e1n\u00ed ve voln\u00e9 p\u0159\u00edrod\u011b, proto\u017ee to b\u00fdv\u00e1 v posledn\u00edch letech d\u00edky sinic\u00edm a nejr\u016fzn\u011bj\u0161\u00edmu dal\u0161\u00edmu [&hellip;]","datePublished":"2023-05-30","dateModified":"2024-06-04","author":{"@type":"Person","@id":"https:\/\/www.celcz.cz\/author\/#Person","name":"","url":"https:\/\/www.celcz.cz\/author\/","identifier":1,"image":{"@type":"ImageObject","@id":"https:\/\/secure.gravatar.com\/avatar\/7ca2d940d0ae3b24fc759c0201b34a0f70fe6611e5abefd5978e89211a09cdfd?s=96&d=mm&r=g","url":"https:\/\/secure.gravatar.com\/avatar\/7ca2d940d0ae3b24fc759c0201b34a0f70fe6611e5abefd5978e89211a09cdfd?s=96&d=mm&r=g","height":96,"width":96}},"publisher":{"@type":"Organization","name":"celcz.cz","logo":{"@type":"ImageObject","@id":"\/logo.png","url":"\/logo.png","width":600,"height":60}},"url":"https:\/\/www.celcz.cz\/plavte-se-je-to-bajecne-pro-telo-i-ducha\/","wordCount":232,"articleBody":"Vodn\u00ed nad\u0161enci to maj\u00ed v \u010cesk\u00e9 republice zpravidla jednoduch\u00e9, nebo\u0165 je protk\u00e1na s\u00edt\u00ed nejr\u016fzn\u011bj\u0161\u00edch splavn\u00fdch vodn\u00edch tok\u016f, vyjma podivn\u00fdch rok\u016f, kdy p\u0159etrv\u00e1v\u00e1 sucho a vody je nedostatek, nebo kdy jsme zasyp\u00e1v\u00e1n\u00ed p\u0159\u00edvaly de\u0161t\u011b a vodn\u00ed toky se vyl\u00e9vaj\u00ed ze sv\u00fdch b\u0159eh\u016f. Nen\u00ed zde \u0159e\u010d o koup\u00e1n\u00ed ve voln\u00e9 p\u0159\u00edrod\u011b, proto\u017ee to b\u00fdv\u00e1 v posledn\u00edch letech d\u00edky sinic\u00edm a nejr\u016fzn\u011bj\u0161\u00edmu dal\u0161\u00edmu zne\u010di\u0161t\u011bn\u00ed pon\u011bkud problematick\u00e9 a ze zdravotn\u00edho hlediska \u010dasto i nebezpe\u010dn\u00e9. \u0158e\u010d je zde o vodn\u00edch nad\u0161enc\u00edch, kte\u0159\u00ed se po nejr\u016fzn\u011bj\u0161\u00edch typech vodn\u00edch hladin rad\u011bji plav\u00ed, ne\u017e aby z nich m\u00e1chaly sv\u00e1 t\u011bla.Hur\u00e1 za n\u00e1kupem nafukovac\u00edch \u010dlun\u016fPokud se i vy chcete p\u0159idat mezi tis\u00edce nad\u0161enc\u016f, pro kter\u00e9 je br\u00e1zd\u011bn\u00ed tuzemsk\u00fdch \u0159ek tou nejlep\u0161\u00ed variantou tr\u00e1ven\u00ed voln\u00e9ho \u010dasu a sv\u00e9 dovolen\u00e9, m\u011bli byste pouva\u017eovat nad zakoupen\u00edm vlastn\u00edho plavidla, kter\u00e9 v\u00e1s obohat\u00ed o opravdov\u00e9 z\u00e1\u017eitky toho prav\u00e9ho vod\u00e1ck\u00e9ho \u017eivota. Po\u0159i\u010fte si nafukovac\u00ed \u010dluny, a\u0165 u\u017e s motorem nebo bez, a v\u00edtejte v klubu klidn\u00e9ho p\u00e1dlov\u00e1n\u00ed nebo bujar\u00e9 j\u00edzdy pe\u0159ejemi.                                                                                                                                                                                                                                                                                                                                                                                        5\/5 - (3 votes)        "},{"@context":"https:\/\/schema.org\/","@type":"BreadcrumbList","itemListElement":[{"@type":"ListItem","position":1,"name":"Plavte se &#8211; je to b\u00e1je\u010dn\u00e9 pro t\u011blo i ducha","item":"https:\/\/www.celcz.cz\/plavte-se-je-to-bajecne-pro-telo-i-ducha\/#breadcrumbitem"}]}]